{"id":1864,"date":"2022-07-28T10:09:10","date_gmt":"2022-07-28T08:09:10","guid":{"rendered":"https:\/\/participationfactory.com\/?p=1864"},"modified":"2022-07-28T10:09:10","modified_gmt":"2022-07-28T08:09:10","slug":"mladi-se-nesmeji-bat-selhani-rika-reditel-prazskeho-inovacniho-institutu-bob-kartous","status":"publish","type":"post","link":"https:\/\/participationfactory.com\/cs\/mladi-se-nesmeji-bat-selhani-rika-reditel-prazskeho-inovacniho-institutu-bob-kartous\/","title":{"rendered":"Mlad\u00ed se nesm\u011bj\u00ed b\u00e1t selh\u00e1n\u00ed, \u0159\u00edk\u00e1 \u0159editel Pra\u017esk\u00e9ho inova\u010dn\u00edho institutu Bob Kartous"},"content":{"rendered":"<p><span style=\"font-weight: 400;\">V nejvy\u0161\u0161\u00edch patrech obchodn\u00edho centra M\u00e1j se letos v\u016fbec poprv\u00e9 konala konference o inova\u010dn\u00ed vizi Prahy pro rok 2030. Pozornost diskutuj\u00edc\u00edch se \u010dasto up\u00ednala na spolupr\u00e1ci mezi podnikatelsk\u00fdm sektorem a vzd\u011bl\u00e1vac\u00edmi institucemi. \u00da\u010dastn\u00edci volali po m\u011bstu jako tzv. networkeru, n\u011bkomu, kdo dok\u00e1\u017ee propojit kreativn\u00ed huby, univerzity, p\u0159\u00edpadn\u011b st\u0159edn\u00ed \u0161koly, a firmy jako\u017eto potenci\u00e1ln\u00ed investory. A pr\u00e1v\u011b t\u00edmto networkerem se m\u00e1 st\u00e1t m\u011bsto prost\u0159ednictv\u00edm <a href=\"https:\/\/www.prazskyinovacniinstitut.cz\/\">Pra\u017esk\u00e9ho inova\u010dn\u00edho institutu<\/a>.<\/span><\/p>\n<p><span style=\"font-weight: 400;\">Jak\u00fdm zp\u016fsobem toho chce Pra\u017esk\u00fd inova\u010dn\u00ed institut doc\u00edlit, v jak\u00fdch zem\u00edch se inspiruje a jak\u00e9 jsou probl\u00e9my sou\u010dasn\u00e9ho stavu popisuje v na\u0161em speci\u00e1ln\u00edm rozhovoru \u0159editel Pra\u017esk\u00e9ho inova\u010dn\u00edho institutu Bob Kartous. Jeho prvn\u00ed polovinu v\u00e1m p\u0159in\u00e1\u0161\u00edme n\u00ed\u017ee.<\/span><\/p>\n<p>&nbsp;<\/p>\n<p><i><span style=\"font-weight: 400;\">Co byla p\u016fvodn\u00ed motivace pro vznik PII a Va\u0161eho anga\u017eov\u00e1n\u00ed v n\u011bm?\u00a0<\/span><\/i><\/p>\n<p><span style=\"font-weight: 400;\">Vznik Pra\u017esk\u00e9ho inova\u010dn\u00edho institutu byl iniciov\u00e1n radn\u00edm \u0160imralem, kter\u00fd m\u00e1 v gesci oblast vzd\u011bl\u00e1v\u00e1n\u00ed a podporu podnik\u00e1n\u00ed. Transparentn\u011b vznikla organizace, kter\u00e1 m\u00e1 napom\u00e1hat k napl\u0148ov\u00e1n\u00ed politick\u00fdch c\u00edl\u016f, kter\u00e9 si Praha prost\u0159ednictv\u00edm radn\u00edho a s podporou prim\u00e1tora bere v oblasti vzd\u011bl\u00e1v\u00e1n\u00ed a podnik\u00e1n\u00ed za sv\u00e9. Druh\u00fd d\u016fvod byl, \u017ee Praha m\u00e1 inova\u010dn\u00ed instituce pro parci\u00e1ln\u00ed oblast jako doprava, digitalizace, \u00fazemn\u00ed rozvoj, ale nem\u011bla pro sv\u00e9 inova\u010dn\u00ed aktivity organizaci zast\u0159e\u0161uj\u00edc\u00ed, kter\u00e1 by propojovala tyto aktivity. Tuto roli te\u010f pln\u00ed Pra\u017esk\u00fd inova\u010dn\u00ed institut.<\/span><span style=\"font-weight: 400;\"><br \/>\n<\/span><\/p>\n<p><span style=\"font-weight: 400;\">M\u00e9 anga\u017em\u00e1 se nepoj\u00ed s \u00fapln\u00fdm po\u010d\u00e1tkem vzniku. J\u00e1 jsem p\u0159i\u0161el do institutu a\u017e po p\u016fl roce od jeho startu na z\u00e1klad\u011b otev\u0159en\u00e9ho \u0159\u00edzen\u00ed, kde jsem byl vybr\u00e1n nez\u00e1vislou komis\u00ed slo\u017eenou z lid\u00ed, kte\u0159\u00ed reprezentuj\u00ed sou\u010dasn\u00e9 zastupitelstvo. Sna\u017eil jsem se naplnit p\u0159edstavu zakladatele.<\/span><span style=\"font-weight: 400;\"><br \/>\n<\/span><\/p>\n<p><span style=\"font-weight: 400;\">Ur\u010dili jsme hlavn\u00ed c\u00edle - podporu podnik\u00e1n\u00ed a vzd\u011bl\u00e1v\u00e1n\u00ed, kter\u00e9 spl\u0148uj\u00ed p\u0159edstavu o vytv\u00e1\u0159en\u00ed hlavn\u00ed infrastruktury, nervov\u00e9ho syst\u00e9mu inova\u010dn\u00edch aktivit. Ty se d\u011bj\u00ed \u010dasto fragmentovan\u011b. Pak tak\u00e9 m\u011bstsk\u00fd rozvoj, kter\u00fd pova\u017euji za naprosto neodd\u011bliteln\u00fd od jak\u00e9koli aktivity spojen\u00e9 s m\u011bstem. A potom \u010d\u00e1ste\u010dn\u011b d\u00edlem n\u00e1hody i oblast zdravotnictv\u00ed tech, jeliko\u017e v sou\u010dasnosti realizujeme projekt, jeho\u017e c\u00edlem je v\u010dasn\u00e9 diagnostikov\u00e1n\u00ed neurodegenerativn\u00edch onemocn\u011bn\u00ed. V tom chceme pokra\u010dovat i nad\u00e1le. M\u00e1me t\u00fdm lid\u00ed, kte\u0159\u00ed se tomu v\u011bnuj\u00ed.<\/span><\/p>\n<p>&nbsp;<\/p>\n<p><i><span style=\"font-weight: 400;\">V r\u00e1mci PII jsou tedy t\u00fdmy lid\u00ed, kter\u00e9 pracuj\u00ed na takto konkr\u00e9tn\u00edch projektech jako je tento?\u00a0<\/span><\/i><\/p>\n<p><span style=\"font-weight: 400;\">To je mal\u00fd t\u00fdm, kter\u00fd \u0159\u00edd\u00ed tento projekt po str\u00e1nce mana\u017eersk\u00e9. Spolupracujeme na n\u011bm s technick\u00fdm partnerem, kter\u00fdm jsou experti z \u010cVUT. Ti tuto oblast v r\u00e1mci biomedic\u00edny rozv\u00edjej\u00ed. Pak hled\u00e1me je\u0161t\u011b hlavn\u00edho partnera pro tento projekt. <\/span><\/p>\n<p><span style=\"font-weight: 400;\">To je \u010dinnost PII. Kdy\u017e jsem p\u0159i\u0161el do t\u00e9to organizace, tak tu bylo 7 lid\u00ed. Dnes n\u00e1s je bezm\u00e1la 40 a vesm\u011bs tu jsou projektov\u00ed mana\u017ee\u0159i. Lid\u00e9, kte\u0159\u00ed projekty koordinuj\u00ed a vyhled\u00e1vaj\u00ed dal\u0161\u00ed partnery. My nedisponujeme dan\u00fdm know-how, t\u00edm odborn\u00fdm zam\u011b\u0159en\u00edm v technologick\u00fdch a inova\u010dn\u00edch oblastech. Jsme ale schopni pro Prahu vytvo\u0159it a \u0159\u00eddit projekty, do nich\u017e profesion\u00e1ly vtahujeme na z\u00e1klad\u011b partnersk\u00fdch vztah\u016f.<\/span><\/p>\n<p>&nbsp;<\/p>\n<p><i><span style=\"font-weight: 400;\">Ned\u00e1vno prob\u011bhla konference s n\u00e1zvem Inova\u010dn\u00ed vize Prahy 2030, kterou Pra\u017esk\u00fd inova\u010dn\u00ed institut po\u0159\u00e1dal. Va\u0161e c\u00edle se v\u00e1\u017eou k tomuto roku?<\/span><\/i><\/p>\n<p><span style=\"font-weight: 400;\">Konference byla prvn\u00ed sv\u00e9ho druhu. M\u011bla p\u0159edstavit ty sm\u011bry, kter\u00fdmi by se m\u011bla Praha vydat na z\u00e1klad\u011b inova\u010dn\u00ed strategie. To reprezentovaly jednotliv\u00e9 panely.<\/span><span style=\"font-weight: 400;\"><br \/>\n<\/span><span style=\"font-weight: 400;\">Rok 2030 je miln\u00edk, kter\u00fd se propisuje do n\u011bkter\u00fdch strategick\u00fdch z\u00e1m\u011br\u016f, jako je nap\u0159\u00edklad klimatick\u00fd pl\u00e1n. Tento horizont jsme si stanovili jako p\u0159ed\u011bl mezi st\u0159edn\u011bdob\u00fdm a dlouhodob\u00fdm pl\u00e1nem, na kter\u00fd je je\u0161t\u011b vid\u011bt z hlediska v\u00fdvoje a z\u00e1rove\u0148 jej m\u016f\u017eeme n\u011bjak ovlivnit. C\u00edlem bylo uk\u00e1zat jednotliv\u00e9 sm\u011bry a p\u0159izvat v\u0161echny partnery k debat\u011b. Proto tam byl pestr\u00fd v\u00fdb\u011br lid\u00ed od zastupitele a z\u00e1rove\u0148 p\u0159edsedy hospod\u00e1\u0159sk\u00e9 komory, p\u0159es vl\u00e1dn\u00ed garnituru Prahy, a\u017e po lidi z p\u0159\u00edsp\u011bvkov\u00fdch organizac\u00ed. Byli tam z\u00e1rove\u0148 i lid\u00e9, kte\u0159\u00ed se odborn\u011b zab\u00fdvaj\u00ed jednotliv\u00fdm oblastem.\u00a0<\/span><\/p>\n<p>&nbsp;<\/p>\n<p><i><span style=\"font-weight: 400;\">Jak prob\u00edhal v\u00fdb\u011br z\u00e1stupc\u016f studentstva a obecn\u011b \u0161kolstv\u00ed, kte\u0159\u00ed byli na konferenci pozv\u00e1ni? Z panel\u016f bylo z\u0159ejm\u00e9, \u017ee se \u0159e\u010dn\u00edci tohoto panelu ji\u017e znali a pravd\u011bpodobn\u011b n\u011bjak\u00fdm zp\u016fsobem spolupracovali.<\/span><\/i><\/p>\n<p><span style=\"font-weight: 400;\">Jestli mluv\u00edte o studentech, tak to pravd\u011bpodobn\u011b byli z\u00e1stupci St\u0159edn\u00ed sm\u00edchovsk\u00e9 pr\u016fmyslov\u00e9 \u0161koly, co\u017e je po v\u0161ech str\u00e1nk\u00e1ch v oblasti technologi\u00ed zdaleka nejaktivn\u011bj\u0161\u00ed \u0161kola v cel\u00e9 Praze. My s tou \u0161kolou spolupracujeme na v\u00edcero \u00farovn\u00edch. Zveme je na podobnou konferenci, spolupracujeme s nimi na redakci port\u00e1lu Praha \u0161kolsk\u00e1, kter\u00e1 zprost\u0159edkov\u00e1v\u00e1 novinky ze vzd\u011bl\u00e1v\u00e1n\u00ed a oni obstar\u00e1vaj\u00ed velkou \u010d\u00e1st studentsk\u00e9ho zpravodajstv\u00ed. T\u00edm, \u017ee jsou aktivn\u00ed, se \u010dasto dost\u00e1vaj\u00ed do kontaktu s lidmi, kte\u0159\u00ed se zab\u00fdvaj\u00ed inovacemi a technologiemi. Pak jim lid\u00e9 nap\u0159\u00edklad z inova\u010dn\u00ed laborato\u0159e \u0160kody nejsou nezn\u00e1m\u00ed. Ale st\u0159edn\u00ed sm\u00edchovsk\u00e1 je sp\u00ed\u0161e v\u00fdjimkou. Jedn\u00edm z c\u00edl\u016f, kter\u00e9 bychom r\u00e1di podporovali, je spojen\u00ed inovac\u00ed se vzd\u011bl\u00e1v\u00e1n\u00edm.\u00a0<\/span><\/p>\n<p>&nbsp;<\/p>\n<p><i><span style=\"font-weight: 400;\">Jak\u00fdm zp\u016fsobem by se m\u011blo zm\u011bnit vzd\u011bl\u00e1v\u00e1n\u00ed vzhledem k inovac\u00edm? A jakou roli v tom hraje PII?<\/span><\/i><\/p>\n<p><span style=\"font-weight: 400;\">Budoucnost inovac\u00ed je v nastaven\u00ed toho, jak mlad\u00ed lid\u00e9 budou p\u0159istupovat k vlastn\u00edm n\u00e1pad\u016fm a projekt\u016fm a jak budou ochotni je realizovat. To se d\u00e1 ovlivnit t\u00edm, \u017ee v\u011bt\u0161\u00ed procento mlad\u00fdch lid\u00ed dostane takovou p\u0159\u00edle\u017eitost ji\u017e t\u0159eba na st\u0159edn\u00ed \u010di vysok\u00e9 \u0161kole. Proto pro n\u00e1s m\u00e1 velk\u00fd v\u00fdznam sna\u017eit se ovliv\u0148ovat rozvoj vzd\u011bl\u00e1v\u00e1n\u00ed, proto\u017ee Praha je z\u00e1rove\u0148 z\u0159izovatelkou st\u0159edn\u00edch \u0161kol. To zaji\u0161\u0165ujeme prost\u0159ednictv\u00edm projektu implementace krajsk\u00e9ho ak\u010dn\u00edho pl\u00e1nu, co\u017e je velk\u00fd syst\u00e9mov\u00fd projekt, kter\u00fd m\u00e1 b\u011bhem t\u0159\u00ed let nasm\u011brovat st\u0159edn\u00ed \u0161kolstv\u00ed v Praze. Z\u00e1rove\u0148 hled\u00e1me mo\u017enost, jak pracovat s akademick\u00fdm prost\u0159ed\u00edm. Vedle hlavn\u00edho m\u011bsta jsou pro n\u00e1s nejv\u011bt\u0161\u00edmi partnery pra\u017esk\u00e9 vysok\u00e9 \u0161koly. S nimi hled\u00e1me mo\u017enosti spolupr\u00e1ce jak v oblasti projektov\u00e9, tak i po str\u00e1nce studentsk\u00e9. T\u0159eba projekt Startup night je propojen\u00ed student\u016f z p\u011bti vysok\u00fdch \u0161kol, kte\u0159\u00ed ji\u017e maj\u00ed n\u011bjak\u00e9 sv\u00e9 startupy. Projekt jim d\u00e1v\u00e1 mo\u017enost, aby se potkali a vytvo\u0159ili n\u011bjak\u00e9 multidisciplin\u00e1rn\u00ed t\u00fdmy, kter\u00e9 jim pomohou rozv\u00edjet se v dan\u00fdch projektech, nebo rozv\u00edjet projekty jin\u00e9.<\/span><\/p>\n<p>&nbsp;<\/p>\n<p><i><span style=\"font-weight: 400;\">Pova\u017eujete cestu startup\u016f za spr\u00e1vnou?\u00a0<\/span><\/i><\/p>\n<p><span style=\"font-weight: 400;\">Ur\u010dit\u011b ano, i kdy\u017e mysl\u00edm, \u017ee situace v Praze je jin\u00e1 ne\u017e v dal\u0161\u00edch regionech. V ostatn\u00edch regionech m\u00e1 velk\u00fd smysl, kdy\u017e n\u011bjak\u00e1 instituce vyhled\u00e1v\u00e1 startupy, proto\u017ee tam nedosahuje scanner t\u011bch pra\u017esk\u00fdch investi\u010dn\u00edch skupin. V Praze nen\u00ed probl\u00e9m, \u017ee by nikdo nebyl schopen podpo\u0159it startupy. Ale jen v ur\u010dit\u00e9m segmentu, hardwarov\u00e9 startupy nikdo moc podporovat nechce, proto\u017ee v tom nevid\u00ed rychl\u00fd obrat. Pro n\u00e1s by m\u011blo b\u00fdt zaj\u00edmav\u00e9 podporovat vzd\u011bl\u00e1v\u00e1n\u00ed k tomu, aby produkovalo v\u011bt\u0161\u00ed mno\u017estv\u00ed lid\u00ed, kte\u0159\u00ed budou ochotn\u00ed j\u00edt do rizika realizace sv\u00e9ho projektu, kter\u00fd nemus\u00ed b\u00fdt ryze technologick\u00fd, ani ziskov\u00fd. M\u016f\u017eou to b\u00fdt v\u011bci, kter\u00e9 maj\u00ed kulturn\u00ed, nebo soci\u00e1ln\u00ed charakter, co\u017e je tak\u00e9 podnikavost sv\u00e9ho druhu, je\u017e se n\u011bjak\u00fdm zp\u016fsobem zhodnot\u00ed. A my jako metropole pot\u0159ebujeme o n\u011bjak\u00fdch 10 % v\u00edce mlad\u00fdch lid\u00ed, kte\u0159\u00ed budou ochotn\u00ed n\u011bco takov\u00e9ho podstupovat, proto\u017ee kolem nich pak vznikaj\u00ed p\u0159\u00edle\u017eitosti.\u00a0<\/span><\/p>\n<p>&nbsp;<\/p>\n<p><i><span style=\"font-weight: 400;\">Oslovujete i \u0161koly, kter\u00e9 se nev\u011bnuj\u00ed p\u0159\u00edmo technick\u00fdm obor\u016fm?\u00a0<\/span><\/i><\/p>\n<p><span style=\"font-weight: 400;\">J\u00e1 bych moc r\u00e1d. S\u00e1m jsem postgradu\u00e1ln\u011b absolventem soci\u00e1ln\u00edch v\u011bd a pergradu\u00e1ln\u011b jsem u\u010ditelem. Pro m\u011b je to ur\u010dit\u011b sm\u011br, kter\u00fd nechci zanedbat. Ale v dosavadn\u00ed situaci jsme z\u00e1visl\u00ed na grantov\u00fdch v\u00fdzv\u00e1ch a zat\u00edm jsme museli v\u00edce sm\u011b\u0159ovat technick\u00fdm sm\u011brem. Ale nap\u0159\u00edklad zmi\u0148ovan\u00e1 Startup Night vznikla na V\u0160E, co\u017e nen\u00ed p\u0159\u00edsn\u011b technologick\u00e1 \u0161kola. My jsme se na tom pod\u00edleli t\u00edm, \u017ee jsme to roz\u0161\u00ed\u0159ili na dal\u0161\u00ed 4 vysok\u00e9 \u0161koly v Praze. Ur\u010dit\u011b bychom pak r\u00e1di nav\u00e1zali spolupr\u00e1ci s instituc\u00ed jako je AMU nebo UMPRUM, ale mus\u00edme prvn\u011b naj\u00edt n\u011bjak\u00e9 \u0159e\u0161en\u00ed. Nem\u016f\u017eeme za t\u011bmi \u0161kolami j\u00edt a \u0159\u00edct, \u017ee m\u00e1me n\u011bjak\u00fd bal\u00edk pen\u011bz, aby \u0161li na tom spolupracovat. S t\u011bmi technologicky orientovan\u00fdmi vysok\u00fdmi \u0161kolami je jednodu\u0161\u0161\u00ed spojovat se na projektech, se kter\u00fdmi m\u016f\u017eeme j\u00edt k \u017e\u00e1dosti o grant, o n\u011bjakou podporu.\u00a0<\/span><\/p>\n<p>&nbsp;<\/p>\n<p><em>Pokra\u010dov\u00e1n\u00ed rozhovoru naleznete <a href=\"https:\/\/participationfactory.com\/cs\/jak-v-mladych-lidech-podporovat-kladny-vztah-k-inovacim-druhy-dil-rozhovoru-s-bobem-kartousem\/\">zde<\/a>.<\/em><\/p>\n<p>&nbsp;<\/p>\n<p><em>(foto: Danica Rybakova, foceno pro Meltingpot)<\/em><\/p>","protected":false},"excerpt":{"rendered":"<p>V nejvy\u0161\u0161\u00edch patrech obchodn\u00edho centra M\u00e1j se letos v\u016fbec poprv\u00e9 konala konference o inova\u010dn\u00ed vizi Prahy pro rok 2030. Pozornost diskutuj\u00edc\u00edch se \u010dasto up\u00ednala na spolupr\u00e1ci mezi podnikatelsk\u00fdm sektorem a vzd\u011bl\u00e1vac\u00edmi institucemi. \u00da\u010dastn\u00edci volali po m\u011bstu jako tzv. networkeru, n\u011bkom, kdo dok\u00e1\u017ee propojit kreativn\u00ed huby, univerzity, p\u0159\u00edpadn\u011b st\u0159edn\u00ed \u0161koly, a firmy jako\u017eto potenci\u00e1ln\u00ed investory. A [&hellip;]<\/p>\n","protected":false},"author":2,"featured_media":1869,"comment_status":"closed","ping_status":"open","sticky":false,"template":"","format":"standard","meta":{"_acf_changed":false,"inline_featured_image":false,"footnotes":""},"categories":[328],"tags":[],"class_list":["post-1864","post","type-post","status-publish","format-standard","has-post-thumbnail","hentry","category-blog-cs-cs"],"acf":[],"yoast_head":"<!-- This site is optimized with the Yoast SEO plugin v27.5 - https:\/\/yoast.com\/product\/yoast-seo-wordpress\/ -->\n<title>Mlad\u00ed se nesm\u011bj\u00ed b\u00e1t selh\u00e1n\u00ed, \u0159\u00edk\u00e1 \u0159editel Pra\u017esk\u00e9ho inova\u010dn\u00edho institutu Bob Kartous - Participation Factory<\/title>\n<meta name=\"robots\" content=\"index, follow, max-snippet:-1, max-image-preview:large, max-video-preview:-1\" \/>\n<link rel=\"canonical\" href=\"https:\/\/participationfactory.com\/cs\/mladi-se-nesmeji-bat-selhani-rika-reditel-prazskeho-inovacniho-institutu-bob-kartous\/\" \/>\n<meta property=\"og:locale\" content=\"cs_CZ\" \/>\n<meta property=\"og:type\" content=\"article\" \/>\n<meta property=\"og:title\" content=\"Mlad\u00ed se nesm\u011bj\u00ed b\u00e1t selh\u00e1n\u00ed, \u0159\u00edk\u00e1 \u0159editel Pra\u017esk\u00e9ho inova\u010dn\u00edho institutu Bob Kartous - Participation Factory\" \/>\n<meta property=\"og:description\" content=\"V nejvy\u0161\u0161\u00edch patrech obchodn\u00edho centra M\u00e1j se letos v\u016fbec poprv\u00e9 konala konference o inova\u010dn\u00ed vizi Prahy pro rok 2030. Pozornost diskutuj\u00edc\u00edch se \u010dasto up\u00ednala na spolupr\u00e1ci mezi podnikatelsk\u00fdm sektorem a vzd\u011bl\u00e1vac\u00edmi institucemi. \u00da\u010dastn\u00edci volali po m\u011bstu jako tzv. networkeru, n\u011bkom, kdo dok\u00e1\u017ee propojit kreativn\u00ed huby, univerzity, p\u0159\u00edpadn\u011b st\u0159edn\u00ed \u0161koly, a firmy jako\u017eto potenci\u00e1ln\u00ed investory. A [&hellip;]\" \/>\n<meta property=\"og:url\" content=\"https:\/\/participationfactory.com\/cs\/mladi-se-nesmeji-bat-selhani-rika-reditel-prazskeho-inovacniho-institutu-bob-kartous\/\" \/>\n<meta property=\"og:site_name\" content=\"Participation Factory\" \/>\n<meta property=\"article:published_time\" content=\"2022-07-28T08:09:10+00:00\" \/>\n<meta property=\"og:image\" content=\"https:\/\/participationfactory.com\/wp-content\/uploads\/2022\/07\/IMG_5305-1.jpeg\" \/>\n\t<meta property=\"og:image:width\" content=\"1499\" \/>\n\t<meta property=\"og:image:height\" content=\"1000\" \/>\n\t<meta property=\"og:image:type\" content=\"image\/jpeg\" \/>\n<meta name=\"author\" content=\"Participation Factory\" \/>\n<meta name=\"twitter:card\" content=\"summary_large_image\" \/>\n<meta name=\"twitter:label1\" content=\"Napsal(a)\" \/>\n\t<meta name=\"twitter:data1\" content=\"Participation Factory\" \/>\n\t<meta name=\"twitter:label2\" content=\"Odhadovan\u00e1 doba \u010dten\u00ed\" \/>\n\t<meta name=\"twitter:data2\" content=\"8 minut\" \/>\n<script type=\"application\/ld+json\" class=\"yoast-schema-graph\">{\"@context\":\"https:\\\/\\\/schema.org\",\"@graph\":[{\"@type\":\"Article\",\"@id\":\"https:\\\/\\\/participationfactory.com\\\/cs\\\/mladi-se-nesmeji-bat-selhani-rika-reditel-prazskeho-inovacniho-institutu-bob-kartous\\\/#article\",\"isPartOf\":{\"@id\":\"https:\\\/\\\/participationfactory.com\\\/cs\\\/mladi-se-nesmeji-bat-selhani-rika-reditel-prazskeho-inovacniho-institutu-bob-kartous\\\/\"},\"author\":{\"name\":\"Participation Factory\",\"@id\":\"https:\\\/\\\/participationfactory.com\\\/en\\\/#\\\/schema\\\/person\\\/4054365232f2e6c543e71befbfed4bca\"},\"headline\":\"Mlad\u00ed se nesm\u011bj\u00ed b\u00e1t selh\u00e1n\u00ed, \u0159\u00edk\u00e1 \u0159editel Pra\u017esk\u00e9ho inova\u010dn\u00edho institutu Bob Kartous\",\"datePublished\":\"2022-07-28T08:09:10+00:00\",\"mainEntityOfPage\":{\"@id\":\"https:\\\/\\\/participationfactory.com\\\/cs\\\/mladi-se-nesmeji-bat-selhani-rika-reditel-prazskeho-inovacniho-institutu-bob-kartous\\\/\"},\"wordCount\":1632,\"publisher\":{\"@id\":\"https:\\\/\\\/participationfactory.com\\\/en\\\/#organization\"},\"image\":{\"@id\":\"https:\\\/\\\/participationfactory.com\\\/cs\\\/mladi-se-nesmeji-bat-selhani-rika-reditel-prazskeho-inovacniho-institutu-bob-kartous\\\/#primaryimage\"},\"thumbnailUrl\":\"https:\\\/\\\/participationfactory.com\\\/wp-content\\\/uploads\\\/2022\\\/07\\\/IMG_5305-1.jpeg\",\"articleSection\":[\"Blog\"],\"inLanguage\":\"cs\"},{\"@type\":\"WebPage\",\"@id\":\"https:\\\/\\\/participationfactory.com\\\/cs\\\/mladi-se-nesmeji-bat-selhani-rika-reditel-prazskeho-inovacniho-institutu-bob-kartous\\\/\",\"url\":\"https:\\\/\\\/participationfactory.com\\\/cs\\\/mladi-se-nesmeji-bat-selhani-rika-reditel-prazskeho-inovacniho-institutu-bob-kartous\\\/\",\"name\":\"Mlad\u00ed se nesm\u011bj\u00ed b\u00e1t selh\u00e1n\u00ed, \u0159\u00edk\u00e1 \u0159editel Pra\u017esk\u00e9ho inova\u010dn\u00edho institutu Bob Kartous - Participation Factory\",\"isPartOf\":{\"@id\":\"https:\\\/\\\/participationfactory.com\\\/en\\\/#website\"},\"primaryImageOfPage\":{\"@id\":\"https:\\\/\\\/participationfactory.com\\\/cs\\\/mladi-se-nesmeji-bat-selhani-rika-reditel-prazskeho-inovacniho-institutu-bob-kartous\\\/#primaryimage\"},\"image\":{\"@id\":\"https:\\\/\\\/participationfactory.com\\\/cs\\\/mladi-se-nesmeji-bat-selhani-rika-reditel-prazskeho-inovacniho-institutu-bob-kartous\\\/#primaryimage\"},\"thumbnailUrl\":\"https:\\\/\\\/participationfactory.com\\\/wp-content\\\/uploads\\\/2022\\\/07\\\/IMG_5305-1.jpeg\",\"datePublished\":\"2022-07-28T08:09:10+00:00\",\"breadcrumb\":{\"@id\":\"https:\\\/\\\/participationfactory.com\\\/cs\\\/mladi-se-nesmeji-bat-selhani-rika-reditel-prazskeho-inovacniho-institutu-bob-kartous\\\/#breadcrumb\"},\"inLanguage\":\"cs\",\"potentialAction\":[{\"@type\":\"ReadAction\",\"target\":[\"https:\\\/\\\/participationfactory.com\\\/cs\\\/mladi-se-nesmeji-bat-selhani-rika-reditel-prazskeho-inovacniho-institutu-bob-kartous\\\/\"]}]},{\"@type\":\"ImageObject\",\"inLanguage\":\"cs\",\"@id\":\"https:\\\/\\\/participationfactory.com\\\/cs\\\/mladi-se-nesmeji-bat-selhani-rika-reditel-prazskeho-inovacniho-institutu-bob-kartous\\\/#primaryimage\",\"url\":\"https:\\\/\\\/participationfactory.com\\\/wp-content\\\/uploads\\\/2022\\\/07\\\/IMG_5305-1.jpeg\",\"contentUrl\":\"https:\\\/\\\/participationfactory.com\\\/wp-content\\\/uploads\\\/2022\\\/07\\\/IMG_5305-1.jpeg\",\"width\":1499,\"height\":1000},{\"@type\":\"BreadcrumbList\",\"@id\":\"https:\\\/\\\/participationfactory.com\\\/cs\\\/mladi-se-nesmeji-bat-selhani-rika-reditel-prazskeho-inovacniho-institutu-bob-kartous\\\/#breadcrumb\",\"itemListElement\":[{\"@type\":\"ListItem\",\"position\":1,\"name\":\"Home\",\"item\":\"https:\\\/\\\/participationfactory.com\\\/\"},{\"@type\":\"ListItem\",\"position\":2,\"name\":\"Mlad\u00ed se nesm\u011bj\u00ed b\u00e1t selh\u00e1n\u00ed, \u0159\u00edk\u00e1 \u0159editel Pra\u017esk\u00e9ho inova\u010dn\u00edho institutu Bob Kartous\"}]},{\"@type\":\"WebSite\",\"@id\":\"https:\\\/\\\/participationfactory.com\\\/en\\\/#website\",\"url\":\"https:\\\/\\\/participationfactory.com\\\/en\\\/\",\"name\":\"Participation Factory\",\"description\":\"\",\"publisher\":{\"@id\":\"https:\\\/\\\/participationfactory.com\\\/en\\\/#organization\"},\"potentialAction\":[{\"@type\":\"SearchAction\",\"target\":{\"@type\":\"EntryPoint\",\"urlTemplate\":\"https:\\\/\\\/participationfactory.com\\\/en\\\/?s={search_term_string}\"},\"query-input\":{\"@type\":\"PropertyValueSpecification\",\"valueRequired\":true,\"valueName\":\"search_term_string\"}}],\"inLanguage\":\"cs\"},{\"@type\":\"Organization\",\"@id\":\"https:\\\/\\\/participationfactory.com\\\/en\\\/#organization\",\"name\":\"Participation Factory\",\"url\":\"https:\\\/\\\/participationfactory.com\\\/en\\\/\",\"logo\":{\"@type\":\"ImageObject\",\"inLanguage\":\"cs\",\"@id\":\"https:\\\/\\\/participationfactory.com\\\/en\\\/#\\\/schema\\\/logo\\\/image\\\/\",\"url\":\"https:\\\/\\\/participationfactory.com\\\/wp-content\\\/uploads\\\/2025\\\/09\\\/logo_participation-factory.svg\",\"contentUrl\":\"https:\\\/\\\/participationfactory.com\\\/wp-content\\\/uploads\\\/2025\\\/09\\\/logo_participation-factory.svg\",\"width\":482,\"height\":213,\"caption\":\"Participation Factory\"},\"image\":{\"@id\":\"https:\\\/\\\/participationfactory.com\\\/en\\\/#\\\/schema\\\/logo\\\/image\\\/\"}},{\"@type\":\"Person\",\"@id\":\"https:\\\/\\\/participationfactory.com\\\/en\\\/#\\\/schema\\\/person\\\/4054365232f2e6c543e71befbfed4bca\",\"name\":\"Participation Factory\",\"url\":\"https:\\\/\\\/participationfactory.com\\\/cs\\\/author\\\/participation-factory\\\/\"}]}<\/script>\n<!-- \/ Yoast SEO plugin. -->","yoast_head_json":{"title":"Mlad\u00ed se nesm\u011bj\u00ed b\u00e1t selh\u00e1n\u00ed, \u0159\u00edk\u00e1 \u0159editel Pra\u017esk\u00e9ho inova\u010dn\u00edho institutu Bob Kartous - Participation Factory","robots":{"index":"index","follow":"follow","max-snippet":"max-snippet:-1","max-image-preview":"max-image-preview:large","max-video-preview":"max-video-preview:-1"},"canonical":"https:\/\/participationfactory.com\/cs\/mladi-se-nesmeji-bat-selhani-rika-reditel-prazskeho-inovacniho-institutu-bob-kartous\/","og_locale":"cs_CZ","og_type":"article","og_title":"Mlad\u00ed se nesm\u011bj\u00ed b\u00e1t selh\u00e1n\u00ed, \u0159\u00edk\u00e1 \u0159editel Pra\u017esk\u00e9ho inova\u010dn\u00edho institutu Bob Kartous - Participation Factory","og_description":"V nejvy\u0161\u0161\u00edch patrech obchodn\u00edho centra M\u00e1j se letos v\u016fbec poprv\u00e9 konala konference o inova\u010dn\u00ed vizi Prahy pro rok 2030. Pozornost diskutuj\u00edc\u00edch se \u010dasto up\u00ednala na spolupr\u00e1ci mezi podnikatelsk\u00fdm sektorem a vzd\u011bl\u00e1vac\u00edmi institucemi. \u00da\u010dastn\u00edci volali po m\u011bstu jako tzv. networkeru, n\u011bkom, kdo dok\u00e1\u017ee propojit kreativn\u00ed huby, univerzity, p\u0159\u00edpadn\u011b st\u0159edn\u00ed \u0161koly, a firmy jako\u017eto potenci\u00e1ln\u00ed investory. A [&hellip;]","og_url":"https:\/\/participationfactory.com\/cs\/mladi-se-nesmeji-bat-selhani-rika-reditel-prazskeho-inovacniho-institutu-bob-kartous\/","og_site_name":"Participation Factory","article_published_time":"2022-07-28T08:09:10+00:00","og_image":[{"width":1499,"height":1000,"url":"https:\/\/participationfactory.com\/wp-content\/uploads\/2022\/07\/IMG_5305-1.jpeg","type":"image\/jpeg"}],"author":"Participation Factory","twitter_card":"summary_large_image","twitter_misc":{"Napsal(a)":"Participation Factory","Odhadovan\u00e1 doba \u010dten\u00ed":"8 minut"},"schema":{"@context":"https:\/\/schema.org","@graph":[{"@type":"Article","@id":"https:\/\/participationfactory.com\/cs\/mladi-se-nesmeji-bat-selhani-rika-reditel-prazskeho-inovacniho-institutu-bob-kartous\/#article","isPartOf":{"@id":"https:\/\/participationfactory.com\/cs\/mladi-se-nesmeji-bat-selhani-rika-reditel-prazskeho-inovacniho-institutu-bob-kartous\/"},"author":{"name":"Participation Factory","@id":"https:\/\/participationfactory.com\/en\/#\/schema\/person\/4054365232f2e6c543e71befbfed4bca"},"headline":"Mlad\u00ed se nesm\u011bj\u00ed b\u00e1t selh\u00e1n\u00ed, \u0159\u00edk\u00e1 \u0159editel Pra\u017esk\u00e9ho inova\u010dn\u00edho institutu Bob Kartous","datePublished":"2022-07-28T08:09:10+00:00","mainEntityOfPage":{"@id":"https:\/\/participationfactory.com\/cs\/mladi-se-nesmeji-bat-selhani-rika-reditel-prazskeho-inovacniho-institutu-bob-kartous\/"},"wordCount":1632,"publisher":{"@id":"https:\/\/participationfactory.com\/en\/#organization"},"image":{"@id":"https:\/\/participationfactory.com\/cs\/mladi-se-nesmeji-bat-selhani-rika-reditel-prazskeho-inovacniho-institutu-bob-kartous\/#primaryimage"},"thumbnailUrl":"https:\/\/participationfactory.com\/wp-content\/uploads\/2022\/07\/IMG_5305-1.jpeg","articleSection":["Blog"],"inLanguage":"cs"},{"@type":"WebPage","@id":"https:\/\/participationfactory.com\/cs\/mladi-se-nesmeji-bat-selhani-rika-reditel-prazskeho-inovacniho-institutu-bob-kartous\/","url":"https:\/\/participationfactory.com\/cs\/mladi-se-nesmeji-bat-selhani-rika-reditel-prazskeho-inovacniho-institutu-bob-kartous\/","name":"Mlad\u00ed se nesm\u011bj\u00ed b\u00e1t selh\u00e1n\u00ed, \u0159\u00edk\u00e1 \u0159editel Pra\u017esk\u00e9ho inova\u010dn\u00edho institutu Bob Kartous - Participation Factory","isPartOf":{"@id":"https:\/\/participationfactory.com\/en\/#website"},"primaryImageOfPage":{"@id":"https:\/\/participationfactory.com\/cs\/mladi-se-nesmeji-bat-selhani-rika-reditel-prazskeho-inovacniho-institutu-bob-kartous\/#primaryimage"},"image":{"@id":"https:\/\/participationfactory.com\/cs\/mladi-se-nesmeji-bat-selhani-rika-reditel-prazskeho-inovacniho-institutu-bob-kartous\/#primaryimage"},"thumbnailUrl":"https:\/\/participationfactory.com\/wp-content\/uploads\/2022\/07\/IMG_5305-1.jpeg","datePublished":"2022-07-28T08:09:10+00:00","breadcrumb":{"@id":"https:\/\/participationfactory.com\/cs\/mladi-se-nesmeji-bat-selhani-rika-reditel-prazskeho-inovacniho-institutu-bob-kartous\/#breadcrumb"},"inLanguage":"cs","potentialAction":[{"@type":"ReadAction","target":["https:\/\/participationfactory.com\/cs\/mladi-se-nesmeji-bat-selhani-rika-reditel-prazskeho-inovacniho-institutu-bob-kartous\/"]}]},{"@type":"ImageObject","inLanguage":"cs","@id":"https:\/\/participationfactory.com\/cs\/mladi-se-nesmeji-bat-selhani-rika-reditel-prazskeho-inovacniho-institutu-bob-kartous\/#primaryimage","url":"https:\/\/participationfactory.com\/wp-content\/uploads\/2022\/07\/IMG_5305-1.jpeg","contentUrl":"https:\/\/participationfactory.com\/wp-content\/uploads\/2022\/07\/IMG_5305-1.jpeg","width":1499,"height":1000},{"@type":"BreadcrumbList","@id":"https:\/\/participationfactory.com\/cs\/mladi-se-nesmeji-bat-selhani-rika-reditel-prazskeho-inovacniho-institutu-bob-kartous\/#breadcrumb","itemListElement":[{"@type":"ListItem","position":1,"name":"Home","item":"https:\/\/participationfactory.com\/"},{"@type":"ListItem","position":2,"name":"Mlad\u00ed se nesm\u011bj\u00ed b\u00e1t selh\u00e1n\u00ed, \u0159\u00edk\u00e1 \u0159editel Pra\u017esk\u00e9ho inova\u010dn\u00edho institutu Bob Kartous"}]},{"@type":"WebSite","@id":"https:\/\/participationfactory.com\/en\/#website","url":"https:\/\/participationfactory.com\/en\/","name":"Participation Factory","description":"","publisher":{"@id":"https:\/\/participationfactory.com\/en\/#organization"},"potentialAction":[{"@type":"SearchAction","target":{"@type":"EntryPoint","urlTemplate":"https:\/\/participationfactory.com\/en\/?s={search_term_string}"},"query-input":{"@type":"PropertyValueSpecification","valueRequired":true,"valueName":"search_term_string"}}],"inLanguage":"cs"},{"@type":"Organization","@id":"https:\/\/participationfactory.com\/en\/#organization","name":"Participation Factory","url":"https:\/\/participationfactory.com\/en\/","logo":{"@type":"ImageObject","inLanguage":"cs","@id":"https:\/\/participationfactory.com\/en\/#\/schema\/logo\/image\/","url":"https:\/\/participationfactory.com\/wp-content\/uploads\/2025\/09\/logo_participation-factory.svg","contentUrl":"https:\/\/participationfactory.com\/wp-content\/uploads\/2025\/09\/logo_participation-factory.svg","width":482,"height":213,"caption":"Participation Factory"},"image":{"@id":"https:\/\/participationfactory.com\/en\/#\/schema\/logo\/image\/"}},{"@type":"Person","@id":"https:\/\/participationfactory.com\/en\/#\/schema\/person\/4054365232f2e6c543e71befbfed4bca","name":"Participation Factory","url":"https:\/\/participationfactory.com\/cs\/author\/participation-factory\/"}]}},"_links":{"self":[{"href":"https:\/\/participationfactory.com\/cs\/wp-json\/wp\/v2\/posts\/1864","targetHints":{"allow":["GET"]}}],"collection":[{"href":"https:\/\/participationfactory.com\/cs\/wp-json\/wp\/v2\/posts"}],"about":[{"href":"https:\/\/participationfactory.com\/cs\/wp-json\/wp\/v2\/types\/post"}],"author":[{"embeddable":true,"href":"https:\/\/participationfactory.com\/cs\/wp-json\/wp\/v2\/users\/2"}],"replies":[{"embeddable":true,"href":"https:\/\/participationfactory.com\/cs\/wp-json\/wp\/v2\/comments?post=1864"}],"version-history":[{"count":0,"href":"https:\/\/participationfactory.com\/cs\/wp-json\/wp\/v2\/posts\/1864\/revisions"}],"wp:featuredmedia":[{"embeddable":true,"href":"https:\/\/participationfactory.com\/cs\/wp-json\/wp\/v2\/media\/1869"}],"wp:attachment":[{"href":"https:\/\/participationfactory.com\/cs\/wp-json\/wp\/v2\/media?parent=1864"}],"wp:term":[{"taxonomy":"category","embeddable":true,"href":"https:\/\/participationfactory.com\/cs\/wp-json\/wp\/v2\/categories?post=1864"},{"taxonomy":"post_tag","embeddable":true,"href":"https:\/\/participationfactory.com\/cs\/wp-json\/wp\/v2\/tags?post=1864"}],"curies":[{"name":"wp","href":"https:\/\/api.w.org\/{rel}","templated":true}]}}